{"id":5394,"date":"2026-01-02T02:12:47","date_gmt":"2026-01-02T02:12:47","guid":{"rendered":"https:\/\/nerdzilla.com.br\/?p=5394"},"modified":"2026-01-28T06:25:52","modified_gmt":"2026-01-28T06:25:52","slug":"digitalis-eszkozok-a-koncentracio-javitasara-tanulas-kozben","status":"publish","type":"post","link":"https:\/\/nerdzilla.com.br\/hu\/digitalis-eszkozok-a-koncentracio-javitasara-tanulas-kozben\/","title":{"rendered":"Digit\u00e1lis eszk\u00f6z\u00f6k a koncentr\u00e1ci\u00f3 jav\u00edt\u00e1s\u00e1ra tanul\u00e1s k\u00f6zben."},"content":{"rendered":"<p>A koncentr\u00e1ci\u00f3 fenntart\u00e1sa tanul\u00e1s k\u00f6zben a digit\u00e1lis kor egyik legnagyobb kih\u00edv\u00e1s\u00e1v\u00e1 v\u00e1lt. Az \u00e1lland\u00f3 \u00e9rtes\u00edt\u00e9sek, a k\u00f6z\u00f6ss\u00e9gi m\u00e9dia \u00e9s az inform\u00e1ci\u00f3 t\u00falterhel\u00e9s miatt gyakori, hogy neh\u00e9z hosszabb ideig koncentr\u00e1lni. Szerencs\u00e9re a technol\u00f3gia erre a probl\u00e9m\u00e1ra is hat\u00e9kony megold\u00e1sokat k\u00edn\u00e1l.<\/p>\n\n\n\n<p>Jelenleg sz\u00e1mos digit\u00e1lis eszk\u00f6z l\u00e9tezik, amelyeket kifejezetten a di\u00e1kok koncentr\u00e1ci\u00f3j\u00e1nak jav\u00edt\u00e1s\u00e1ra, idej\u00fck megszervez\u00e9s\u00e9re \u00e9s a termel\u00e9kenys\u00e9g n\u00f6vel\u00e9s\u00e9re fejlesztettek ki. Helyes haszn\u00e1lat eset\u00e9n ezek a megold\u00e1sok teljesen \u00e1talak\u00edthatj\u00e1k a tanul\u00e1si rutint, hat\u00e9konyabb\u00e1 \u00e9s kev\u00e9sb\u00e9 f\u00e1raszt\u00f3v\u00e1 t\u00e9ve a tanul\u00e1st.<\/p>\n\n\n\n<h2 class=\"wp-block-heading\">Mi\u00e9rt olyan fontos a koncentr\u00e1ci\u00f3 a tanul\u00e1sban?<\/h2>\n\n\n\n<p>A koncentr\u00e1ci\u00f3 a tanul\u00e1s min\u0151s\u00e9g\u00e9t meghat\u00e1roz\u00f3 f\u0151 t\u00e9nyez\u0151. Amikor a f\u00f3kusz jelen van, az agy jobban feldolgozza az inform\u00e1ci\u00f3kat, kapcsolatokat teremt, \u00e9s hosszabb ideig meg\u0151rzi a tartalmat. M\u00e1sr\u00e9szt a sz\u00e9tsz\u00f3rt tanul\u00e1s \u00e1ltal\u00e1ban frusztr\u00e1ci\u00f3hoz \u00e9s gyenge teljes\u00edtm\u00e9nyhez vezet.<\/p>\n\n\n\n<p>Tov\u00e1bb\u00e1 a j\u00f3 koncentr\u00e1ci\u00f3 cs\u00f6kkenti az adott tant\u00e1rgy tanulm\u00e1nyoz\u00e1s\u00e1hoz sz\u00fcks\u00e9ges id\u0151t. M\u00e1s sz\u00f3val, a f\u00f3kusz\u00e1lt tanul\u00e1s nem t\u00f6bbet, hanem jobban val\u00f3 tanul\u00e1st jelent. Pontosan ezen a ponton v\u00e1lnak a digit\u00e1lis eszk\u00f6z\u00f6k nagyszer\u0171 sz\u00f6vets\u00e9gesekk\u00e9.<\/p>\n\n\n\n<h2 class=\"wp-block-heading\">Hogyan seg\u00edthet a technol\u00f3gia a koncentr\u00e1ci\u00f3ban \u00e9s a termel\u00e9kenys\u00e9gben?<\/h2>\n\n\n\n<p>B\u00e1r sokan a technol\u00f3gi\u00e1t a figyelemelterel\u0151 t\u00e9nyez\u0151kkel t\u00e1rs\u00edtj\u00e1k, az igazs\u00e1g az, hogy ha megfelel\u0151en haszn\u00e1lj\u00e1k, hat\u00e9kony sz\u00f6vets\u00e9gesei lehetnek a koncentr\u00e1ci\u00f3nak. A digit\u00e1lis alkalmaz\u00e1sok \u00e9s platformok olyan funkci\u00f3kat k\u00edn\u00e1lnak, amelyek seg\u00edtenek blokkolni a figyelemelterel\u0151 t\u00e9nyez\u0151ket, rendszerezni a feladatokat \u00e9s hat\u00e9konyabb rutinokat l\u00e9trehozni.<\/p>\n\n\n\n<p>Tov\u00e1bb\u00e1 ezek az eszk\u00f6z\u00f6k lehet\u0151v\u00e9 teszik a di\u00e1kok sz\u00e1m\u00e1ra, hogy nyomon k\u00f6vess\u00e9k tanulm\u00e1nyi el\u0151rehalad\u00e1sukat, azonos\u00edts\u00e1k a termel\u00e9kenys\u00e9gi mint\u00e1kat, \u00e9s a teljes\u00edtm\u00e9ny\u00fckh\u00f6z igaz\u00edts\u00e1k a rutinjukat. Ez\u00e1ltal a di\u00e1kok jobban k\u00e9zben tarthatj\u00e1k saj\u00e1t idej\u00fcket.<\/p>\n\n\n\n<h2 class=\"wp-block-heading\">Digit\u00e1lis eszk\u00f6z\u00f6k a koncentr\u00e1ci\u00f3 jav\u00edt\u00e1s\u00e1ra tanul\u00e1s k\u00f6zben.<\/h2>\n\n\n\n<p>Az al\u00e1bbiakban a digit\u00e1lis eszk\u00f6z\u00f6k n\u00e9h\u00e1ny f\u0151bb kateg\u00f3ri\u00e1j\u00e1t tal\u00e1lod, amelyek k\u00f6zvetlen\u00fcl seg\u00edthetnek a f\u00f3kusz \u00e9s a koncentr\u00e1ci\u00f3 jav\u00edt\u00e1s\u00e1ban a tanul\u00e1s sor\u00e1n.<\/p>\n\n\n\n<h2 class=\"wp-block-heading\">Figyelemelvon\u00e1st blokkol\u00f3 alkalmaz\u00e1sok<\/h2>\n\n\n\n<p>Az egyik legnagyobb kih\u00edv\u00e1s a koncentr\u00e1ci\u00f3 fenntart\u00e1s\u00e1ban a k\u00f6z\u00f6ss\u00e9gi m\u00e9dia \u00e9s m\u00e1s sz\u00f3rakoztat\u00f3 alkalmaz\u00e1sok elleni v\u00e9dekez\u00e9s. Ez\u00e9rt rendk\u00edv\u00fcl hat\u00e9konyak a figyelemelterel\u00e9st blokkol\u00f3 alkalmaz\u00e1sok.<\/p>\n\n\n\n<p>Ezek az eszk\u00f6z\u00f6k lehet\u0151v\u00e9 teszik, hogy \u00e1tmenetileg blokkold a zavar\u00f3 weboldalakhoz \u00e9s alkalmaz\u00e1sokhoz val\u00f3 hozz\u00e1f\u00e9r\u00e9st a tanul\u00e1si id\u0151 alatt. \u00cdgy a di\u00e1k teljes m\u00e9rt\u00e9kben a fontos feladatoknak szentelheti mag\u00e1t folyamatos megszak\u00edt\u00e1sok n\u00e9lk\u00fcl.<\/p>\n\n\n\n<p>Ezenk\u00edv\u00fcl ezek k\u00f6z\u00fcl az alkalmaz\u00e1sok k\u00f6z\u00fcl sok r\u00e9szletes jelent\u00e9seket k\u00edn\u00e1l az egyes alkalmaz\u00e1sokon elt\u00f6lt\u00f6tt id\u0151r\u0151l, ami seg\u00edt azonos\u00edtani a nem produkt\u00edv szok\u00e1sokat, \u00e9s id\u0151vel korrig\u00e1lni azokat.<\/p>\n\n\n\n<h2 class=\"wp-block-heading\">Pomodoro technika alkalmaz\u00e1sok<\/h2>\n\n\n\n<p>A Pomodoro technika az egyik legismertebb strat\u00e9gia a koncentr\u00e1ci\u00f3 jav\u00edt\u00e1s\u00e1ra. A tanul\u00e1si id\u0151 feloszt\u00e1s\u00e1b\u00f3l \u00e1ll, amely \u00e1ltal\u00e1ban 25 perces intenz\u00edv f\u00f3kusz\u00fa blokkokra, majd r\u00f6vid sz\u00fcnetekre van osztva.<\/p>\n\n\n\n<p>Sz\u00e1mos alkalmaz\u00e1s l\u00e9tezik, amelyek automatikusan alkalmazz\u00e1k ezt a technik\u00e1t, seg\u00edtve a di\u00e1kokat az eg\u00e9szs\u00e9ges tanul\u00e1si ritmus fenntart\u00e1s\u00e1ban. Riaszt\u00e1sokkal, jelent\u00e9sekkel \u00e9s statisztik\u00e1kkal ezek az eszk\u00f6z\u00f6k szervezettebb\u00e9 \u00e9s motiv\u00e1l\u00f3bb\u00e1 teszik a folyamatot.<\/p>\n\n\n\n<p>Tov\u00e1bb\u00e1 a Pomodoro technika seg\u00edt megel\u0151zni a ment\u00e1lis f\u00e1radts\u00e1got, mivel a koncentr\u00e1ci\u00f3s id\u0151szakokat a pihen\u0151 pillanatokkal v\u00e1ltogatja, jav\u00edtva a hossz\u00fa t\u00e1v\u00fa teljes\u00edtm\u00e9nyt.<\/p>\n\n\n\n<h2 class=\"wp-block-heading\">Szervez\u00e9si \u00e9s tervez\u00e9si eszk\u00f6z\u00f6k<\/h2>\n\n\n\n<p>A szervezetts\u00e9g hi\u00e1nya a koncentr\u00e1ci\u00f3veszt\u00e9s egyik f\u0151 oka. Amikor a di\u00e1kok nem tudj\u00e1k pontosan, mit kell tanulniuk, k\u00f6nnyen elterel\u0151dik a figyelm\u00fck.<\/p>\n\n\n\n<p>A digit\u00e1lis szervez\u0151eszk\u00f6z\u00f6k seg\u00edtenek teend\u0151list\u00e1kat, tanul\u00e1si \u00fctemterveket \u00e9s napi c\u00e9lokat l\u00e9trehozni. Ez sokkal k\u00f6nnyebb\u00e9 teszi a koncentr\u00e1ci\u00f3t, mivel minden tanul\u00e1si alkalomnak vil\u00e1gos c\u00e9lja van.<\/p>\n\n\n\n<p>Ezek a platformok lehet\u0151v\u00e9 teszik a feladatok rangsorol\u00e1s\u00e1t, hat\u00e1rid\u0151k kit\u0171z\u00e9s\u00e9t \u00e9s a halad\u00e1s nyomon k\u00f6vet\u00e9s\u00e9t is, ami n\u00f6veli a kontroll \u00e9rz\u00e9s\u00e9t \u00e9s cs\u00f6kkenti a szorong\u00e1st a tanul\u00e1s sor\u00e1n.<\/p>\n\n\n\n<h2 class=\"wp-block-heading\">Digit\u00e1lis jegyzetel\u0151 alkalmaz\u00e1sok<\/h2>\n\n\n\n<p>A jegyzetel\u00e9s alapvet\u0151 fontoss\u00e1g\u00fa a tanul\u00e1shoz, \u00e9s a digit\u00e1lis jegyzetel\u0151 alkalmaz\u00e1sok sz\u00e1mos el\u0151nnyel rendelkeznek a hagyom\u00e1nyos pap\u00edr alap\u00fa jegyzetel\u00e9ssel szemben. Lehet\u0151v\u00e9 teszik a tartalom kateg\u00f3ri\u00e1k szerinti rendez\u00e9s\u00e9t, k\u00e9pek, linkek \u00e9s ak\u00e1r hangfelv\u00e9telek hozz\u00e1ad\u00e1s\u00e1t.<\/p>\n\n\n\n<p>Tov\u00e1bb\u00e1 ezek az eszk\u00f6z\u00f6k megk\u00f6nny\u00edtik az \u00e1ttekint\u00e9st, mivel gyorsan lehet kulcsszavakra keresni a jegyzetekben. Ez id\u0151t takar\u00edt meg, \u00e9s a hangs\u00faly a val\u00f3ban fontos dolgokon marad.<\/p>\n\n\n\n<p>Tov\u00e1bbi pozit\u00edv aspektus a felh\u0151alap\u00fa szinkroniz\u00e1ci\u00f3, amely lehet\u0151v\u00e9 teszi a jegyzetek el\u00e9r\u00e9s\u00e9t b\u00e1rmely eszk\u00f6zr\u0151l, biztos\u00edtva a k\u00e9nyelmet \u00e9s a folytonoss\u00e1got a tanul\u00e1sban.<\/p>\n\n\n\n<h2 class=\"wp-block-heading\">Eszk\u00f6z\u00f6k az olvas\u00e1shoz \u00e9s az akt\u00edv tanul\u00e1shoz.<\/h2>\n\n\n\n<p>Nagy mennyis\u00e9g\u0171 sz\u00f6veg olvas\u00e1sa f\u00e1raszt\u00f3 lehet \u00e9s ronthatja a koncentr\u00e1ci\u00f3t. Szerencs\u00e9re l\u00e9teznek digit\u00e1lis eszk\u00f6z\u00f6k, amelyek dinamikusabb\u00e1 \u00e9s hat\u00e9konyabb\u00e1 teszik az olvas\u00e1st.<\/p>\n\n\n\n<p>N\u00e9h\u00e1ny alkalmaz\u00e1s lehet\u0151v\u00e9 teszi a fontos r\u00e9szek kiemel\u00e9s\u00e9t, automatikus \u00f6sszefoglal\u00f3k l\u00e9trehoz\u00e1s\u00e1t, s\u0151t, a sz\u00f6veg hanganyagg\u00e1 alak\u00edt\u00e1s\u00e1t is. Ez seg\u00edt fenntartani az agy lek\u00f6t\u00f6tts\u00e9g\u00e9t \u00e9s megk\u00f6nny\u00edti a tartalom meg\u00e9rt\u00e9s\u00e9t.<\/p>\n\n\n\n<p>Tov\u00e1bb\u00e1 ezek az eszk\u00f6z\u00f6k \u00f6szt\u00f6nzik az akt\u00edv tanul\u00e1st, amely bizony\u00edtottan hat\u00e9konyabb, mint a passz\u00edv olvas\u00e1s.<\/p>\n\n\n\n<h2 class=\"wp-block-heading\">Id\u0151gazd\u00e1lkod\u00e1si alkalmaz\u00e1sok<\/h2>\n\n\n\n<p>A koncentr\u00e1ci\u00f3 jav\u00edt\u00e1s\u00e1hoz elengedhetetlen, hogy pontosan tudd, mire haszn\u00e1lod az id\u0151det. Az id\u0151k\u00f6vet\u0151 alkalmaz\u00e1sok seg\u00edtenek nyomon k\u00f6vetni, hogy mennyi id\u0151t sz\u00e1nsz tanul\u00e1sra, \u00e9s mennyit pazarolsz el a figyelemelterel\u00e9sekre.<\/p>\n\n\n\n<p>Ezekkel az adatokkal a di\u00e1k m\u00f3dos\u00edthatja a rutinj\u00e1t, produkt\u00edvabb id\u0151pontokat azonos\u00edthat, \u00e9s hat\u00e9konyabb szok\u00e1sokat alak\u00edthat ki. Az id\u0151gazd\u00e1lkod\u00e1s tudatos\u00edt\u00e1sa az egyik els\u0151 l\u00e9p\u00e9s a koncentr\u00e1ci\u00f3 fokoz\u00e1sa fel\u00e9.<\/p>\n\n\n\n<p>Tov\u00e1bb\u00e1 a napi halad\u00e1s nyomon k\u00f6vet\u00e9se fontos motiv\u00e1ci\u00f3s t\u00e9nyez\u0151.<\/p>\n\n\n\n<h2 class=\"wp-block-heading\">Zenei \u00e9s hangeszk\u00f6z\u00f6k a koncentr\u00e1ci\u00f3hoz.<\/h2>\n\n\n\n<p>Sokan k\u00f6nnyebben tudnak koncentr\u00e1lni, ha meghat\u00e1rozott zen\u00e9t vagy k\u00f6rnyezeti hangokat hallgatnak. A digit\u00e1lis eszk\u00f6z\u00f6k olyan lej\u00e1tsz\u00e1si list\u00e1kat \u00e9s hangokat k\u00edn\u00e1lnak, amelyeket kifejezetten a koncentr\u00e1ci\u00f3 fokoz\u00e1s\u00e1ra \u00e9s a zavar\u00f3 t\u00e9nyez\u0151k cs\u00f6kkent\u00e9s\u00e9re terveztek.<\/p>\n\n\n\n<p>Az olyan hangok, mint a feh\u00e9rzaj, az es\u0151 vagy a hangszeres zene, seg\u00edtenek kiz\u00e1rni a k\u00fcls\u0151 zajokat, \u00e9s kedvez\u0151bb tanul\u00e1si k\u00f6rnyezetet teremtenek. Ez k\u00fcl\u00f6n\u00f6sen hasznos azok sz\u00e1m\u00e1ra, akik zajos helyeken tanulnak.<\/p>\n\n\n\n<p>Tov\u00e1bb\u00e1 ezek az eszk\u00f6z\u00f6k lehet\u0151v\u00e9 teszik a hang t\u00edpus\u00e1nak testreszab\u00e1s\u00e1t a felhaszn\u00e1l\u00f3 preferenci\u00e1i szerint, \u00edgy a felhaszn\u00e1l\u00f3i \u00e9lm\u00e9ny k\u00e9nyelmesebb\u00e9 v\u00e1lik.<\/p>\n\n\n\n<h2 class=\"wp-block-heading\">Vezetett tanul\u00e1si platformok<\/h2>\n\n\n\n<p>N\u00e9h\u00e1ny digit\u00e1lis eszk\u00f6z ir\u00e1ny\u00edtott tanul\u00e1si alkalmakat k\u00edn\u00e1l, amelyek koncentr\u00e1ci\u00f3s, id\u0151gazd\u00e1lkod\u00e1si \u00e9s motiv\u00e1ci\u00f3s technik\u00e1kat \u00f6tv\u00f6znek. Ezek a platformok szinte \u201etanul\u00e1si coachk\u00e9nt\u201d m\u0171k\u00f6dnek.<\/p>\n\n\n\n<p>Seg\u00edtenek a di\u00e1koknak fenntartani a fegyelmet, vil\u00e1gos c\u00e9lokat kit\u0171zni \u00e9s k\u00f6vetkezetes rutint kialak\u00edtani. Ez a fajta megk\u00f6zel\u00edt\u00e9s ide\u00e1lis azok sz\u00e1m\u00e1ra, akiknek neh\u00e9zs\u00e9get okoz a saj\u00e1t magukra val\u00f3 koncentr\u00e1l\u00e1s.<\/p>\n\n\n\n<p>Ezenk\u00edv\u00fcl ezek k\u00f6z\u00fcl a platformok k\u00f6z\u00fcl sok tanul\u00e1si k\u00f6z\u00f6ss\u00e9geket k\u00edn\u00e1l, ami n\u00f6veli az elk\u00f6telez\u0151d\u00e9st \u00e9s a motiv\u00e1ci\u00f3t.<\/p>\n\n\n\n<h2 class=\"wp-block-heading\">A digit\u00e1lis eszk\u00f6z\u00f6k haszn\u00e1lat\u00e1nak el\u0151nyei a hat\u00e9konyabb tanul\u00e1shoz.<\/h2>\n\n\n\n<p>A digit\u00e1lis eszk\u00f6z\u00f6k koncentr\u00e1ci\u00f3j\u00e1nak jav\u00edt\u00e1sa sz\u00e1mos el\u0151nnyel j\u00e1r. A legfontosabbak k\u00f6z\u00fcl kiemelhetj\u00fck:<\/p>\n\n\n\n<ul class=\"wp-block-list\">\n<li>Jelent\u0151s koncentr\u00e1ci\u00f3n\u00f6veked\u00e9s tanulm\u00e1nyok sor\u00e1n<\/li>\n\n\n\n<li>Jobb id\u0151- \u00e9s feladatszervez\u00e9s.<\/li>\n\n\n\n<li>A halogat\u00e1s cs\u00f6kkent\u00e9se<\/li>\n\n\n\n<li>Jobb tartalommegtart\u00e1s<\/li>\n\n\n\n<li>Kiegyens\u00falyozottabb \u00e9s fenntarthat\u00f3bb tanul\u00e1si rutin<\/li>\n<\/ul>\n\n\n\n<p>Tudatos haszn\u00e1lat eset\u00e9n ezek az eszk\u00f6z\u00f6k nemcsak a tanulm\u00e1nyi teljes\u00edtm\u00e9nyt jav\u00edtj\u00e1k, hanem hozz\u00e1j\u00e1rulnak a technol\u00f3gi\u00e1val val\u00f3 eg\u00e9szs\u00e9gesebb kapcsolathoz is.<\/p>\n\n\n\n<h2 class=\"wp-block-heading\">Tippek az eszk\u00f6z\u00f6k maxim\u00e1lis kihaszn\u00e1l\u00e1s\u00e1hoz<\/h2>\n\n\n\n<p>A legjobb eredm\u00e9nyek el\u00e9r\u00e9se \u00e9rdek\u00e9ben fontos a digit\u00e1lis eszk\u00f6z\u00f6k strat\u00e9giai haszn\u00e1lata. Ker\u00fclje a t\u00fal sok alkalmaz\u00e1s egyszerre t\u00f6rt\u00e9n\u0151 telep\u00edt\u00e9s\u00e9t, mivel ez zavart, s\u0151t figyelemelterel\u00e9st is okozhat.<\/p>\n\n\n\n<p>V\u00e1lassz n\u00e9h\u00e1ny eszk\u00f6zt, de olyanokat, amelyek val\u00f3ban illenek a rutinodba. Ezenk\u00edv\u00fcl t\u0171zz ki konkr\u00e9t id\u0151pontokat a tanul\u00e1sra, \u00e9s csak ezekben az id\u0151szakokban haszn\u00e1ld ezeket a megold\u00e1sokat.<\/p>\n\n\n\n<p>Egy m\u00e1sik fontos szempont az eredm\u00e9nyek rendszeres \u00e1ttekint\u00e9se \u00e9s a strat\u00e9gia sz\u00fcks\u00e9g szerinti m\u00f3dos\u00edt\u00e1sa. A koncentr\u00e1ci\u00f3 egy olyan k\u00e9szs\u00e9g, amely id\u0151vel fejleszthet\u0151 \u00e9s fejleszthet\u0151.<\/p>\n\n\n\n<h2 class=\"wp-block-heading\">V\u00e9gs\u0151 megfontol\u00e1sok<\/h2>\n\n\n\n<p>A tanul\u00e1s k\u00f6zbeni koncentr\u00e1ci\u00f3 jav\u00edt\u00e1sa teljes m\u00e9rt\u00e9kben lehets\u00e9ges a digit\u00e1lis eszk\u00f6z\u00f6k helyes haszn\u00e1lat\u00e1val. A technol\u00f3gia, ha a tanul\u00e1s fokoz\u00e1s\u00e1ra haszn\u00e1lj\u00e1k, hat\u00e9kony sz\u00f6vets\u00e9gess\u00e9 v\u00e1lik azok sz\u00e1m\u00e1ra, akik nagyobb \u00f6sszpontos\u00edt\u00e1sra, fegyelemre \u00e9s termel\u00e9kenys\u00e9gre v\u00e1gynak.<\/p>\n\n\n\n<p>K\u00fcl\u00f6nb\u00f6z\u0151 eszk\u00f6z\u00f6k kipr\u00f3b\u00e1l\u00e1s\u00e1val \u00e9s a sz\u00e1modra legmegfelel\u0151bbek kiv\u00e1laszt\u00e1s\u00e1val hat\u00e9konyabb, k\u00f6nnyebb \u00e9s fenntarthat\u00f3bb tanul\u00e1si rutint hozhatsz l\u00e9tre. A k\u00f6vetkezetess\u00e9ggel \u00e9s a j\u00f3 v\u00e1laszt\u00e1sokkal az eredm\u00e9nyek term\u00e9szetesen j\u00f6nnek.<\/p>","protected":false},"excerpt":{"rendered":"<p>Manter a concentra\u00e7\u00e3o durante os estudos se tornou um dos maiores desafios da era digital. Com notifica\u00e7\u00f5es constantes, redes sociais e excesso de informa\u00e7\u00f5es, \u00e9 comum sentir dificuldade para focar por longos per\u00edodos. Felizmente, a tecnologia tamb\u00e9m oferece solu\u00e7\u00f5es eficazes para esse problema. Atualmente, existem diversas ferramentas digitais desenvolvidas especificamente para ajudar estudantes a melhorar [&hellip;]<\/p>","protected":false},"author":3,"featured_media":5395,"comment_status":"closed","ping_status":"open","sticky":false,"template":"","format":"standard","meta":{"footnotes":""},"categories":[1104],"tags":[],"class_list":{"0":"post-5394","1":"post","2":"type-post","3":"status-publish","4":"format-standard","5":"has-post-thumbnail","7":"category-educacao"},"_links":{"self":[{"href":"https:\/\/nerdzilla.com.br\/hu\/wp-json\/wp\/v2\/posts\/5394","targetHints":{"allow":["GET"]}}],"collection":[{"href":"https:\/\/nerdzilla.com.br\/hu\/wp-json\/wp\/v2\/posts"}],"about":[{"href":"https:\/\/nerdzilla.com.br\/hu\/wp-json\/wp\/v2\/types\/post"}],"author":[{"embeddable":true,"href":"https:\/\/nerdzilla.com.br\/hu\/wp-json\/wp\/v2\/users\/3"}],"replies":[{"embeddable":true,"href":"https:\/\/nerdzilla.com.br\/hu\/wp-json\/wp\/v2\/comments?post=5394"}],"version-history":[{"count":1,"href":"https:\/\/nerdzilla.com.br\/hu\/wp-json\/wp\/v2\/posts\/5394\/revisions"}],"predecessor-version":[{"id":5396,"href":"https:\/\/nerdzilla.com.br\/hu\/wp-json\/wp\/v2\/posts\/5394\/revisions\/5396"}],"wp:featuredmedia":[{"embeddable":true,"href":"https:\/\/nerdzilla.com.br\/hu\/wp-json\/wp\/v2\/media\/5395"}],"wp:attachment":[{"href":"https:\/\/nerdzilla.com.br\/hu\/wp-json\/wp\/v2\/media?parent=5394"}],"wp:term":[{"taxonomy":"category","embeddable":true,"href":"https:\/\/nerdzilla.com.br\/hu\/wp-json\/wp\/v2\/categories?post=5394"},{"taxonomy":"post_tag","embeddable":true,"href":"https:\/\/nerdzilla.com.br\/hu\/wp-json\/wp\/v2\/tags?post=5394"}],"curies":[{"name":"wp","href":"https:\/\/api.w.org\/{rel}","templated":true}]}}