{"id":5391,"date":"2026-01-02T00:54:14","date_gmt":"2026-01-02T00:54:14","guid":{"rendered":"https:\/\/nerdzilla.com.br\/?p=5391"},"modified":"2026-01-28T06:25:29","modified_gmt":"2026-01-28T06:25:29","slug":"digitalis-eszkozok-a-stressz-csokkentesere","status":"publish","type":"post","link":"https:\/\/nerdzilla.com.br\/hu\/digitalis-eszkozok-a-stressz-csokkentesere\/","title":{"rendered":"Digit\u00e1lis eszk\u00f6z\u00f6k a stressz cs\u00f6kkent\u00e9s\u00e9re."},"content":{"rendered":"<p>A stressz a modern \u00e9let r\u00e9sze. Ak\u00e1r a munkahelyen, ak\u00e1r a tanul\u00e1sban, ak\u00e1r a mag\u00e1n\u00e9letben van a dolgunk, az inform\u00e1ci\u00f3 t\u00falterhel\u00e9s, a szoros hat\u00e1rid\u0151k \u00e9s az \u00e1lland\u00f3 elv\u00e1r\u00e1sok k\u00f6zvetlen\u00fcl befoly\u00e1solhatj\u00e1k a ment\u00e1lis \u00e9s fizikai eg\u00e9szs\u00e9get. Szerencs\u00e9re a technol\u00f3gia fejl\u0151d\u00e9s\u00e9vel sz\u00e1mos digit\u00e1lis eszk\u00f6z jelent meg, amelyek seg\u00edtenek a stressz kezel\u00e9s\u00e9ben \u00e9s el\u0151seg\u00edtik a nagyobb egyens\u00falyt a mindennapi \u00e9letben.<\/p>\n\n\n\n<p>Jelenleg az alkalmaz\u00e1sok \u00e9s a digit\u00e1lis platformok olyan er\u0151forr\u00e1sokat k\u00edn\u00e1lnak, mint az ir\u00e1ny\u00edtott medit\u00e1ci\u00f3, a feladatszervez\u00e9s, az alv\u00e1skezel\u00e9s, s\u0151t m\u00e9g a l\u00e9gz\u0151gyakorlatok is. Helyes haszn\u00e1lat eset\u00e9n ezek az er\u0151forr\u00e1sok nagyszer\u0171 sz\u00f6vets\u00e9gesekk\u00e9 v\u00e1lnak az \u00e9letmin\u0151s\u00e9g jav\u00edt\u00e1s\u00e1ban, a termel\u00e9kenys\u00e9g n\u00f6vel\u00e9s\u00e9ben \u00e9s a szorong\u00e1s cs\u00f6kkent\u00e9s\u00e9ben praktikus \u00e9s hozz\u00e1f\u00e9rhet\u0151 m\u00f3don.<\/p>\n\n\n\n<h2 class=\"wp-block-heading\">Mi\u00e9rt \u00e9rdemes digit\u00e1lis eszk\u00f6z\u00f6ket haszn\u00e1lni a stressz cs\u00f6kkent\u00e9s\u00e9re?<\/h2>\n\n\n\n<p>A digit\u00e1lis eszk\u00f6z\u00f6k f\u0151 el\u0151nye a praktikum. Mind\u00f6ssze n\u00e9h\u00e1ny koppint\u00e1ssal hozz\u00e1f\u00e9rhetsz a telefonodon kifejezetten a kikapcsol\u00f3d\u00e1st, a koncentr\u00e1ci\u00f3t \u00e9s a j\u00f3ll\u00e9tet el\u0151seg\u00edt\u0151 tartalmakhoz. Tov\u00e1bb\u00e1 ezek a megold\u00e1sok alkalmazkodnak minden egyes szem\u00e9ly megszokott rutinj\u00e1hoz, lehet\u0151v\u00e9 t\u00e9ve a felhaszn\u00e1l\u00f3k sz\u00e1m\u00e1ra, hogy m\u00e9g a zs\u00fafolt napokon is gondoskodjanak ment\u00e1lis eg\u00e9szs\u00e9g\u00fckr\u0151l.<\/p>\n\n\n\n<p>Egy m\u00e1sik fontos szempont a k\u00f6vetkezetess\u00e9g. A hagyom\u00e1nyos m\u00f3dszerekkel, p\u00e9ld\u00e1ul a szem\u00e9lyes jelenl\u00e9ttel zajl\u00f3 tanfolyamokkal vagy az egyszeri ter\u00e1pi\u00e1kkal ellent\u00e9tben az alkalmaz\u00e1sok \u00f6szt\u00f6nzik a napi haszn\u00e1latot. \u00cdgy a stresszcs\u00f6kkent\u00e9s megsz\u0171nik alkalmi jelleg\u0171 lenni, \u00e9s a rutin r\u00e9sz\u00e9v\u00e9 v\u00e1lik, ami k\u00f6vetkezetesebb, hossz\u00fa t\u00e1v\u00fa eredm\u00e9nyekhez vezet.<\/p>\n\n\n\n<h2 class=\"wp-block-heading\">Medit\u00e1ci\u00f3s \u00e9s relax\u00e1ci\u00f3s alkalmaz\u00e1sok<\/h2>\n\n\n\n<p>A medit\u00e1ci\u00f3s eszk\u00f6z\u00f6k a legn\u00e9pszer\u0171bbek k\u00f6z\u00e9 tartoznak a stressz cs\u00f6kkent\u00e9s\u00e9ben. Seg\u00edtenek lelass\u00edtani az elm\u00e9t, jav\u00edtani a koncentr\u00e1ci\u00f3t \u00e9s kontroll\u00e1lni a negat\u00edv gondolatokat.<\/p>\n\n\n\n<p>Ezek az alkalmaz\u00e1sok jellemz\u0151en n\u00e9h\u00e1ny perces vezetett foglalkoz\u00e1sokat k\u00edn\u00e1lnak, amelyek ide\u00e1lisak kezd\u0151knek. Ezenk\u00edv\u00fcl sokuk tartalmaz relax\u00e1ci\u00f3s hangokat, l\u00e9gz\u0151gyakorlatokat \u00e9s speci\u00e1lis programokat szorong\u00e1s, \u00e1lmatlans\u00e1g vagy munk\u00e1ra val\u00f3 \u00f6sszpontos\u00edt\u00e1s eset\u00e9n. Folyamatos haszn\u00e1lattal javul\u00e1s tapasztalhat\u00f3 a hangulatban, az alv\u00e1sban \u00e9s a stresszes helyzetekkel val\u00f3 megbirk\u00f3z\u00e1s k\u00e9pess\u00e9g\u00e9ben.<\/p>\n\n\n\n<h2 class=\"wp-block-heading\">Szervez\u00e9si \u00e9s termel\u00e9kenys\u00e9gi eszk\u00f6z\u00f6k<\/h2>\n\n\n\n<p>A stressz gyakran nem egy konkr\u00e9t probl\u00e9m\u00e1b\u00f3l fakad, hanem a rendezetlens\u00e9g \u00e9rz\u00e9s\u00e9b\u0151l. A felhalmoz\u00f3dott feladatok, az elfelejtett hat\u00e1rid\u0151k \u00e9s a t\u00falzott elk\u00f6telezetts\u00e9g szorong\u00e1st \u00e9s ment\u00e1lis kimer\u00fclts\u00e9get okoz.<\/p>\n\n\n\n<p>A digit\u00e1lis szervez\u0151eszk\u00f6z\u00f6k seg\u00edtenek jobban vizualiz\u00e1lni a mindennapi \u00e9letet. Lehet\u0151v\u00e9 teszik teend\u0151list\u00e1k l\u00e9trehoz\u00e1s\u00e1t, priorit\u00e1sok meghat\u00e1roz\u00e1s\u00e1t \u00e9s a nagy c\u00e9lok kisebb l\u00e9p\u00e9sekre bont\u00e1s\u00e1t. Ez nagyobb kontrollt biztos\u00edt a felhaszn\u00e1l\u00f3knak a rutinjuk felett, cs\u00f6kkenti a ment\u00e1lis nyom\u00e1st \u00e9s n\u00f6veli a termel\u00e9kenys\u00e9g \u00e9rz\u00e9s\u00e9t.<\/p>\n\n\n\n<p>Tov\u00e1bb\u00e1, amikor minden egy helyen van elrendezve, az agynak nem kell folyamatosan er\u0151lk\u00f6dnie, hogy mindent megjegyezzen, ami jelent\u0151sen cs\u00f6kkenti a stresszt.<\/p>\n\n\n\n<h2 class=\"wp-block-heading\">Alkalmaz\u00e1sok az alv\u00e1smin\u0151s\u00e9g jav\u00edt\u00e1s\u00e1ra<\/h2>\n\n\n\n<p>A rossz alv\u00e1s az egyik f\u0151 stresszhez kapcsol\u00f3d\u00f3 t\u00e9nyez\u0151. A megfelel\u0151 pihen\u00e9s hi\u00e1nya hat\u00e1ssal van a hangulatra, a koncentr\u00e1ci\u00f3ra \u00e9s m\u00e9g az immunrendszerre is. Ez\u00e9rt rendk\u00edv\u00fcl fontosak az alv\u00e1sra \u00f6sszpontos\u00edt\u00f3 digit\u00e1lis eszk\u00f6z\u00f6k.<\/p>\n\n\n\n<p>Ezek az alkalmaz\u00e1sok seg\u00edtenek a beoszt\u00e1sok nyomon k\u00f6vet\u00e9s\u00e9ben, az \u00e9jszakai rutinok kialak\u00edt\u00e1s\u00e1ban, s\u0151t, a pihen\u00e9st megzavar\u00f3 mint\u00e1k azonos\u00edt\u00e1s\u00e1ban is. Sokuk k\u00edn\u00e1l pihentet\u0151 hangokat, nyugtat\u00f3 t\u00f6rt\u00e9neteket \u00e9s \u00fatmutat\u00e1st a jobb alv\u00e1shoz. Id\u0151vel a felhaszn\u00e1l\u00f3k m\u00f3dos\u00edthatj\u00e1k szok\u00e1saikat \u00e9s jav\u00edthatj\u00e1k alv\u00e1suk min\u0151s\u00e9g\u00e9t, ami k\u00f6zvetlen\u00fcl befoly\u00e1solja a napi stressz cs\u00f6kken\u00e9s\u00e9t.<\/p>\n\n\n\n<h2 class=\"wp-block-heading\">L\u00e9gz\u00e9s- \u00e9s szorong\u00e1skezel\u0151 eszk\u00f6z\u00f6k<\/h2>\n\n\n\n<p>A l\u00e9gz\u00e9s az egyik leggyorsabb \u00e9s leghat\u00e9konyabb m\u00f3dja a stressz cs\u00f6kkent\u00e9s\u00e9nek. A fesz\u00fclts\u00e9g pillanataiban azonban nem mindig eml\u00e9ksz\u00fcnk a helyes l\u00e9gz\u00e9sre. Itt j\u00f6nnek k\u00e9pbe a digit\u00e1lis l\u00e9gz\u00e9sseg\u00edt\u0151 eszk\u00f6z\u00f6k.<\/p>\n\n\n\n<p>Ezek az alkalmaz\u00e1sok egyszer\u0171 technik\u00e1kat tan\u00edtanak, amelyek b\u00e1rhol alkalmazhat\u00f3k, legyen sz\u00f3 ak\u00e1r a munkahelyr\u0151l, otthonr\u00f3l, vagy ak\u00e1r intenz\u00edv szorong\u00e1sr\u00f3l. R\u00f6vid \u00e9s c\u00e9lzott gyakorlatokkal a felhaszn\u00e1l\u00f3 megtanulja kontroll\u00e1lni a l\u00e9gz\u00e9sritmus\u00e1t, megnyugtatni az idegrendszer\u00e9t, \u00e9s cs\u00f6kkenteni a stressz fizikai t\u00fcneteit, p\u00e9ld\u00e1ul a heves sz\u00edvdobog\u00e1st \u00e9s az izomfesz\u00fclts\u00e9get.<\/p>\n\n\n\n<h2 class=\"wp-block-heading\">Fitnesz- \u00e9s wellnessalkalmaz\u00e1sok<\/h2>\n\n\n\n<p>A testmozg\u00e1s bizony\u00edtottan hat\u00e9kony a stressz cs\u00f6kkent\u00e9s\u00e9ben. Szerencs\u00e9re ma m\u00e1r sz\u00e1mos digit\u00e1lis eszk\u00f6z \u00e1ll rendelkez\u00e9sre, amelyek \u00f6szt\u00f6nzik a mozg\u00e1st, m\u00e9g azokat is, akiknek kev\u00e9s az idej\u00fck.<\/p>\n\n\n\n<p>Ezek az alkalmaz\u00e1sok gyors edz\u00e9seket, ny\u00fajt\u00e1sokat, vezetett s\u00e9t\u00e1kat \u00e9s ak\u00e1r teljes otthoni edz\u00e9sprogramokat is k\u00edn\u00e1lnak. Ezenk\u00edv\u00fcl sokuk nyomon k\u00f6veti a felhaszn\u00e1l\u00f3 fejl\u0151d\u00e9s\u00e9t, ami n\u00f6veli a motiv\u00e1ci\u00f3t. A testmozg\u00e1s beilleszt\u00e9s\u00e9vel a szervezet endorfinokat szabad\u00edt fel, egy olyan hormont, amely a j\u00f3ll\u00e9t \u00e9s a relax\u00e1ci\u00f3 \u00e9rz\u00e9s\u00e9\u00e9rt felel\u0151s.<\/p>\n\n\n\n<h2 class=\"wp-block-heading\">Digit\u00e1lis eszk\u00f6z\u00f6k a tudatos sz\u00fcnetekhez<\/h2>\n\n\n\n<p>A stressz cs\u00f6kkent\u00e9s\u00e9nek egy m\u00e1sik fontos t\u00e9nyez\u0151je a sz\u00fcnetek betart\u00e1s\u00e1nak megtanul\u00e1sa. A pihen\u00e9s n\u00e9lk\u00fcli hossz\u00fa t\u00e1v\u00fa munka ment\u00e1lis \u00e9s fizikai kimer\u00fclts\u00e9get okozhat. Egyes digit\u00e1lis eszk\u00f6z\u00f6k kifejezetten arra szolg\u00e1lnak, hogy eml\u00e9keztess\u00e9k a felhaszn\u00e1l\u00f3kat arra, hogy \u00e1lljanak meg, vegyenek leveg\u0151t \u00e9s kapcsolj\u00e1k ki magukat n\u00e9h\u00e1ny percre.<\/p>\n\n\n\n<p>Ezek az alkalmaz\u00e1sok seg\u00edtenek eg\u00e9szs\u00e9gesebb szok\u00e1sok kialak\u00edt\u00e1s\u00e1ban a nap folyam\u00e1n, megel\u0151zve a t\u00falterhelts\u00e9get. A r\u00f6vid, tudatos sz\u00fcnetek n\u00f6velik a termel\u00e9kenys\u00e9get \u00e9s cs\u00f6kkentik a felhalmoz\u00f3dott f\u00e1radts\u00e1got, \u00edgy a nap k\u00f6nnyebb \u00e9s kiegyens\u00falyozottabb lesz.<\/p>\n\n\n\n<h2 class=\"wp-block-heading\">Hogyan v\u00e1laszd ki a sz\u00e1modra legmegfelel\u0151bb digit\u00e1lis eszk\u00f6zt?<\/h2>\n\n\n\n<p>A rengeteg lehet\u0151s\u00e9g k\u00f6z\u00fcl v\u00e1laszthatunk, ez\u00e9rt fontos, hogy olyan eszk\u00f6z\u00f6ket v\u00e1lasszunk, amelyek val\u00f3ban illeszkednek az \u00e9letst\u00edlusunkhoz. Ide\u00e1lis esetben a stressz f\u0151 forr\u00e1s\u00e1nak azonos\u00edt\u00e1s\u00e1val kell kezdeni: a szervezetts\u00e9g hi\u00e1nya, a szorong\u00e1s, a rossz alv\u00e1s vagy a t\u00falhajszolts\u00e1g.<\/p>\n\n\n\n<p>Ezut\u00e1n \u00e9rdemes kipr\u00f3b\u00e1lni a k\u00fcl\u00f6nb\u00f6z\u0151 alkalmaz\u00e1sokat, \u00e9s megn\u00e9zni, hogy melyik k\u00edn\u00e1l kellemesebb \u00e9lm\u00e9nyt. Sokuknak van ingyenes verzi\u00f3ja, \u00edgy kipr\u00f3b\u00e1lhatod \u0151ket, miel\u0151tt fizet\u0151s csomagokba fektetn\u00e9l be. A legfontosabb, hogy meg\u0151rizd a k\u00f6vetkezetess\u00e9get, \u00e9s az eszk\u00f6z\u00f6ket t\u00e1mogat\u00e1sk\u00e9nt, ne pedig k\u00f6telezetts\u00e9gk\u00e9nt haszn\u00e1ld.<\/p>\n\n\n\n<h2 class=\"wp-block-heading\">A digit\u00e1lis eszk\u00f6z\u00f6k el\u0151nyei a stressz cs\u00f6kkent\u00e9s\u00e9ben.<\/h2>\n\n\n\n<p>Ezen eszk\u00f6z\u00f6k egyik legnagyobb el\u0151nye a hozz\u00e1f\u00e9rhet\u0151s\u00e9g\u00fck. B\u00e1rmikor, b\u00e1rhol el\u00e9rhet\u0151k, lehet\u0151v\u00e9 t\u00e9ve, hogy a ment\u00e1lis eg\u00e9szs\u00e9g\u00fcgyi ell\u00e1t\u00e1s beillessze az emberek napi rutinj\u00e1ba. R\u00e1ad\u00e1sul a k\u00f6lts\u00e9g\u00fck \u00e1ltal\u00e1ban alacsony a t\u00f6bbi hagyom\u00e1nyos megold\u00e1shoz k\u00e9pest.<\/p>\n\n\n\n<p>Tov\u00e1bbi el\u0151ny a szem\u00e9lyre szab\u00e1s. Sok alkalmaz\u00e1s alkalmazkodik a felhaszn\u00e1l\u00f3i viselked\u00e9shez, szem\u00e9lyre szabott javaslatokat k\u00edn\u00e1l, \u00e9s nyomon k\u00f6veti a halad\u00e1st az id\u0151 m\u00fal\u00e1s\u00e1val. Ez\u00e1ltal a folyamat hat\u00e9konyabb\u00e1 \u00e9s motiv\u00e1l\u00f3bb\u00e1 v\u00e1lik.<\/p>\n\n\n\n<h2 class=\"wp-block-heading\">V\u00e9gs\u0151 megfontol\u00e1sok<\/h2>\n\n\n\n<p>A stressz cs\u00f6kkent\u00e9s\u00e9re szolg\u00e1l\u00f3 digit\u00e1lis eszk\u00f6z\u00f6k nagyszer\u0171 sz\u00f6vets\u00e9gesek a mai vil\u00e1gban. Tudatos haszn\u00e1lat eset\u00e9n seg\u00edtenek eg\u00e9szs\u00e9gesebb szok\u00e1sok kialak\u00edt\u00e1s\u00e1ban, a szervezetts\u00e9g jav\u00edt\u00e1s\u00e1ban, a termel\u00e9kenys\u00e9g n\u00f6vel\u00e9s\u00e9ben \u00e9s \u2013 ami a legfontosabb \u2013 a ment\u00e1lis eg\u00e9szs\u00e9g meg\u0151rz\u00e9s\u00e9ben.<\/p>\n\n\n\n<p>Egyre rohan\u00f3bb vil\u00e1gunkban elengedhetetlen megtanulni a technol\u00f3gia haszn\u00e1lat\u00e1t a j\u00f3ll\u00e9t fokoz\u00e1sa \u00e9rdek\u00e9ben. A rutin apr\u00f3 v\u00e1ltoztat\u00e1saival \u00e9s a megfelel\u0151 eszk\u00f6z\u00f6k t\u00e1mogat\u00e1s\u00e1val minden nap nagyobb kiegyens\u00falyozotts\u00e1ggal, \u00f6sszpontos\u00edt\u00e1ssal \u00e9s lelki b\u00e9k\u00e9vel \u00e9lhet\u00fcnk.<\/p>","protected":false},"excerpt":{"rendered":"<p>O estresse faz parte da rotina moderna. Seja no trabalho, nos estudos ou na vida pessoal, a sobrecarga de informa\u00e7\u00f5es, prazos apertados e cobran\u00e7as constantes pode afetar diretamente a sa\u00fade mental e f\u00edsica. Felizmente, com o avan\u00e7o da tecnologia, surgiram diversas ferramentas digitais que ajudam a controlar o estresse e promover mais equil\u00edbrio no dia [&hellip;]<\/p>","protected":false},"author":3,"featured_media":5392,"comment_status":"closed","ping_status":"open","sticky":false,"template":"","format":"standard","meta":{"footnotes":""},"categories":[1103],"tags":[],"class_list":{"0":"post-5391","1":"post","2":"type-post","3":"status-publish","4":"format-standard","5":"has-post-thumbnail","7":"category-saude"},"_links":{"self":[{"href":"https:\/\/nerdzilla.com.br\/hu\/wp-json\/wp\/v2\/posts\/5391","targetHints":{"allow":["GET"]}}],"collection":[{"href":"https:\/\/nerdzilla.com.br\/hu\/wp-json\/wp\/v2\/posts"}],"about":[{"href":"https:\/\/nerdzilla.com.br\/hu\/wp-json\/wp\/v2\/types\/post"}],"author":[{"embeddable":true,"href":"https:\/\/nerdzilla.com.br\/hu\/wp-json\/wp\/v2\/users\/3"}],"replies":[{"embeddable":true,"href":"https:\/\/nerdzilla.com.br\/hu\/wp-json\/wp\/v2\/comments?post=5391"}],"version-history":[{"count":1,"href":"https:\/\/nerdzilla.com.br\/hu\/wp-json\/wp\/v2\/posts\/5391\/revisions"}],"predecessor-version":[{"id":5393,"href":"https:\/\/nerdzilla.com.br\/hu\/wp-json\/wp\/v2\/posts\/5391\/revisions\/5393"}],"wp:featuredmedia":[{"embeddable":true,"href":"https:\/\/nerdzilla.com.br\/hu\/wp-json\/wp\/v2\/media\/5392"}],"wp:attachment":[{"href":"https:\/\/nerdzilla.com.br\/hu\/wp-json\/wp\/v2\/media?parent=5391"}],"wp:term":[{"taxonomy":"category","embeddable":true,"href":"https:\/\/nerdzilla.com.br\/hu\/wp-json\/wp\/v2\/categories?post=5391"},{"taxonomy":"post_tag","embeddable":true,"href":"https:\/\/nerdzilla.com.br\/hu\/wp-json\/wp\/v2\/tags?post=5391"}],"curies":[{"name":"wp","href":"https:\/\/api.w.org\/{rel}","templated":true}]}}