{"id":5104,"date":"2025-09-15T22:47:40","date_gmt":"2025-09-15T22:47:40","guid":{"rendered":"https:\/\/nerdzilla.com.br\/?p=5104"},"modified":"2026-01-28T05:56:32","modified_gmt":"2026-01-28T05:56:32","slug":"alkalmazasok-szabaduszoknak-a-legjobb-alkalmazasok-a-nagyobb-szervezettseghez-termelekenyseghez-es-eredmenyekhez","status":"publish","type":"post","link":"https:\/\/nerdzilla.com.br\/hu\/alkalmazasok-szabaduszoknak-a-legjobb-alkalmazasok-a-nagyobb-szervezettseghez-termelekenyseghez-es-eredmenyekhez\/","title":{"rendered":"Alkalmaz\u00e1sok szabad\u00fasz\u00f3knak: A legjobb alkalmaz\u00e1sok a nagyobb szervezetts\u00e9ghez, termel\u00e9kenys\u00e9ghez \u00e9s eredm\u00e9nyekhez"},"content":{"rendered":"<p>A szabad\u00fasz\u00f3k\u00e9nt val\u00f3 munkav\u00e9gz\u00e9s soha nem volt olyan el\u00e9rhet\u0151, mint manaps\u00e1g. A t\u00e1vmunka \u00e9s a digit\u00e1lis gazdas\u00e1g elterjed\u00e9s\u00e9vel a k\u00fcl\u00f6nb\u00f6z\u0151 ter\u00fcletek szakemberei elkezdt\u00e9k \u00f6n\u00e1ll\u00f3an k\u00edn\u00e1lni szolg\u00e1ltat\u00e1saikat, nagyobb szabads\u00e1gra, rugalmass\u00e1gra \u00e9s auton\u00f3mi\u00e1ra szert t\u00e9ve. Ezen el\u0151ny\u00f6k mellett azonban fontos kih\u00edv\u00e1sok is felmer\u00fclnek, mint p\u00e9ld\u00e1ul a feladatszervez\u00e9s, a p\u00e9nz\u00fcgyek menedzsmentje, az \u00fcgyfelekkel val\u00f3 kommunik\u00e1ci\u00f3 \u00e9s a hat\u00e1rid\u0151k betart\u00e1sa.<\/p>\n\n\n\n<p>Szerencs\u00e9re a technol\u00f3gia a szabad\u00fasz\u00f3k oldal\u00e1n \u00e1ll. Jelenleg sz\u00e1mos... <strong>szabad\u00fasz\u00f3knak sz\u00f3l\u00f3 alkalmaz\u00e1sok<\/strong> amelyek seg\u00edtenek optimaliz\u00e1lni a mindennapi \u00e9letedet, jav\u00edtani a termel\u00e9kenys\u00e9get \u00e9s professzion\u00e1lisabb\u00e1 tenni a munkarutinodat. Ebben a cikkben megismerkedhetsz a szabad\u00fasz\u00f3knak sz\u00e1nt legjobb alkalmaz\u00e1sokkal, meg\u00e9rtheted, hogyan m\u0171k\u00f6dnek, \u00e9s felfedezheted, melyek ide\u00e1lisak az \u00f6n\u00e1ll\u00f3 munk\u00e1d minden szakasz\u00e1hoz.<\/p>\n\n\n\n<h2 class=\"wp-block-heading\">Mi\u00e9rt \u00e9rdemes alkalmaz\u00e1sokat haszn\u00e1lni a szabad\u00fasz\u00f3knak a mindennapi munk\u00e1juk sor\u00e1n?<\/h2>\n\n\n\n<p>Miel\u0151tt megismerkedn\u00e9nk az alkalmaz\u00e1sok list\u00e1j\u00e1val, fontos meg\u00e9rteni, mi\u00e9rt elengedhetetlen ezeknek az eszk\u00f6z\u00f6knek a haszn\u00e1lata a szabad\u00fasz\u00f3k sz\u00e1m\u00e1ra. A hagyom\u00e1nyos munk\u00e1kkal ellent\u00e9tben az \u00f6n\u00e1ll\u00f3 v\u00e1llalkoz\u00f3knak egyszerre t\u00f6bb ter\u00fcletet kell kezelni\u00fck, ami szervezetts\u00e9get \u00e9s fegyelmet ig\u00e9nyel.<\/p>\n\n\n\n<p>A szabad\u00fasz\u00f3 alkalmaz\u00e1sok f\u0151bb el\u0151nyei k\u00f6z\u00fcl kiemelhetj\u00fck:<\/p>\n\n\n\n<ul class=\"wp-block-list\">\n<li>Jobb ellen\u0151rz\u00e9s a feladatok \u00e9s a hat\u00e1rid\u0151k felett.<\/li>\n\n\n\n<li>Hat\u00e9konyabb p\u00e9nz\u00fcgyi szervezet<\/li>\n\n\n\n<li>Gyors \u00e9s professzion\u00e1lis kommunik\u00e1ci\u00f3 az \u00fcgyfelekkel.<\/li>\n\n\n\n<li>Megn\u00f6vekedett napi termel\u00e9kenys\u00e9g<\/li>\n\n\n\n<li>Fontos inform\u00e1ci\u00f3k k\u00f6zpontos\u00edt\u00e1sa<\/li>\n<\/ul>\n\n\n\n<p>Ezenk\u00edv\u00fcl ezek k\u00f6z\u00fcl az alkalmaz\u00e1sok k\u00f6z\u00fcl sok el\u00e9rhet\u0151 a k\u00f6vetkez\u0151h\u00f6z: <strong>ingyenes let\u00f6lt\u00e9s<\/strong>mindkett\u0151ben <strong>Play \u00c1ruh\u00e1z<\/strong> valamint m\u00e1s alkalmaz\u00e1sboltokban is, ami m\u00e9g egyszer\u0171bb\u00e9 teszi a hozz\u00e1f\u00e9r\u00e9st.<\/p>\n\n\n\n<h2 class=\"wp-block-heading\">Alkalmaz\u00e1sok szabad\u00fasz\u00f3 munka keres\u00e9s\u00e9hez<\/h2>\n\n\n\n<p>Azok sz\u00e1m\u00e1ra, akik most kezdik, vagy b\u0151v\u00edteni szeretn\u00e9k \u00fcgyf\u00e9lk\u00f6r\u00fcket, vannak speci\u00e1lis alkalmaz\u00e1sok szabad\u00fasz\u00f3 lehet\u0151s\u00e9gek keres\u00e9s\u00e9re k\u00fcl\u00f6nb\u00f6z\u0151 ter\u00fcleteken.<\/p>\n\n\n\n<h3 class=\"wp-block-heading\">Szabad\u00fasz\u00f3 szolg\u00e1ltat\u00f3 platformok<\/h3>\n\n\n\n<p>Ezek az alkalmaz\u00e1sok szakembereket k\u00f6tnek \u00f6ssze olyan v\u00e1llalatokkal \u00e9s mag\u00e1nszem\u00e9lyekkel, akiknek olyan szolg\u00e1ltat\u00e1sokra van sz\u00fcks\u00e9g\u00fck, mint a tervez\u00e9s, programoz\u00e1s, \u00edr\u00e1s, ford\u00edt\u00e1s, digit\u00e1lis marketing \u00e9s sok m\u00e1s. A szabad\u00fasz\u00f3 jellemz\u0151en l\u00e9trehoz egy profilt, bemutatja portf\u00f3li\u00f3j\u00e1t, \u00e9s aj\u00e1nlatokat ny\u00fajt be a rendelkez\u00e9sre \u00e1ll\u00f3 projektekre.<\/p>\n\n\n\n<p>Ezek a platformok ide\u00e1lisak azok sz\u00e1m\u00e1ra, akik rendszeres munk\u00e1t keresnek, vagy tapasztalatot szeretn\u00e9nek szerezni a digit\u00e1lis piacon. Ezenk\u00edv\u00fcl ezek az alkalmaz\u00e1sok k\u00f6z\u00fcl sok lehet\u0151v\u00e9 teszi a biztons\u00e1gos fizet\u00e9sfeldolgoz\u00e1st, ami nagyobb nyugalmat k\u00edn\u00e1l az \u00f6n\u00e1ll\u00f3an dolgoz\u00f3k sz\u00e1m\u00e1ra.<\/p>\n\n\n\n<h2 class=\"wp-block-heading\">Alkalmaz\u00e1sok a rendszerez\u00e9shez \u00e9s a hat\u00e9konys\u00e1g n\u00f6vel\u00e9s\u00e9hez<\/h2>\n\n\n\n<p>A szervezett rutin fenntart\u00e1sa az egyik legnagyobb kih\u00edv\u00e1s a szabad\u00fasz\u00f3k sz\u00e1m\u00e1ra. Ez\u00e9rt n\u00e9lk\u00fcl\u00f6zhetetlenek a termel\u00e9kenys\u00e9gi alkalmaz\u00e1sok mindazok sz\u00e1m\u00e1ra, akik nagyobb \u00f6sszpontos\u00edt\u00e1ssal \u00e9s hat\u00e9konys\u00e1ggal szeretn\u00e9nek dolgozni.<\/p>\n\n\n\n<h3 class=\"wp-block-heading\">Tennival\u00f3lista-alkalmaz\u00e1sok<\/h3>\n\n\n\n<p>A feladatkezel\u0151 alkalmaz\u00e1sok seg\u00edtenek a nap megtervez\u00e9s\u00e9ben, a priorit\u00e1sok meghat\u00e1roz\u00e1s\u00e1ban \u00e9s a projektek el\u0151rehalad\u00e1s\u00e1nak nyomon k\u00f6vet\u00e9s\u00e9ben. Seg\u00edts\u00e9g\u00fckkel list\u00e1kat hozhatsz l\u00e9tre, hat\u00e1rid\u0151ket \u00e1ll\u00edthatsz be, eml\u00e9keztet\u0151ket kaphatsz, s\u0151t ak\u00e1r \u00fcgyf\u00e9l vagy projekt szerint is rendszerezheted a feladatokat.<\/p>\n\n\n\n<p>Ezek az alkalmaz\u00e1sok rendk\u00edv\u00fcl hasznosak a k\u00e9sedelmek elker\u00fcl\u00e9s\u00e9hez \u00e9s a teend\u0151k feletti teljes ellen\u0151rz\u00e9s fenntart\u00e1s\u00e1hoz, k\u00fcl\u00f6n\u00f6sen akkor, ha egy szabad\u00fasz\u00f3 egyszerre t\u00f6bb \u00fcgyfelet szolg\u00e1l ki.<\/p>\n\n\n\n<h3 class=\"wp-block-heading\">Napt\u00e1r \u00e9s napirend alkalmaz\u00e1sok<\/h3>\n\n\n\n<p>Egy m\u00e1sik l\u00e9nyeges kateg\u00f3ria a napt\u00e1ralkalmaz\u00e1sok. Ezek seg\u00edts\u00e9g\u00e9vel egy helyen \u00fctemezhet megbesz\u00e9l\u00e9seket, h\u00edv\u00e1sokat, hat\u00e1rid\u0151ket \u00e9s szem\u00e9lyes tal\u00e1lkoz\u00f3kat. Ezen alkalmaz\u00e1sok k\u00f6z\u00fcl sok automatikusan szinkroniz\u00e1l\u00f3dik m\u00e1s eszk\u00f6z\u00f6kkel, biztos\u00edtva, hogy a szabad\u00fasz\u00f3k soha ne maradjanak le egyetlen fontos tal\u00e1lkoz\u00f3r\u00f3l sem.<\/p>\n\n\n\n<h2 class=\"wp-block-heading\">\u00dcgyfelekkel val\u00f3 kommunik\u00e1ci\u00f3t seg\u00edt\u0151 alkalmaz\u00e1sok<\/h2>\n\n\n\n<p>A j\u00f3 \u00fcgyf\u00e9lkapcsolat fenntart\u00e1s\u00e1hoz elengedhetetlen a vil\u00e1gos \u00e9s gyors kommunik\u00e1ci\u00f3. Szerencs\u00e9re sz\u00e1mos alkalmaz\u00e1s seg\u00edti ezt a kapcsolatfelv\u00e9telt.<\/p>\n\n\n\n<h3 class=\"wp-block-heading\">\u00dczenetk\u00fcld\u0151 \u00e9s h\u00edv\u00f3 alkalmaz\u00e1sok<\/h3>\n\n\n\n<p>Az azonnali \u00fczenetk\u00fcld\u0151 alkalmaz\u00e1sok lehet\u0151v\u00e9 teszik a k\u00e9nyelmes kommunik\u00e1ci\u00f3t az \u00fcgyfelekkel, f\u00e1jlok, hanganyagok \u00e9s k\u00e9pek k\u00fcld\u00e9s\u00e9t, valamint hang- \u00e9s videoh\u00edv\u00e1sok kezdem\u00e9nyez\u00e9s\u00e9t. Szabad\u00fasz\u00f3k sz\u00e1m\u00e1ra ez nagyobb sebess\u00e9get \u00e9s kevesebb kommunik\u00e1ci\u00f3s zajt jelent.<\/p>\n\n\n\n<p>Javasolt a szem\u00e9lyes \u00e9s a professzion\u00e1lis alkalmaz\u00e1sokat elk\u00fcl\u00f6n\u00edteni, \u00e9s k\u00fcl\u00f6n csatorn\u00e1t l\u00e9trehozni a munk\u00e1hoz. \u00cdgy a szabad\u00fasz\u00f3 professzion\u00e1lisabb k\u00e9pet sug\u00e1rozhat mag\u00e1r\u00f3l, \u00e9s szervezettebb rutint tarthat fenn.<\/p>\n\n\n\n<h2 class=\"wp-block-heading\">Alkalmaz\u00e1sok szabad\u00fasz\u00f3k p\u00e9nz\u00fcgyeinek kezel\u00e9s\u00e9re<\/h2>\n\n\n\n<p>A p\u00e9nz\u00fcgyek kezel\u00e9se a szabad\u00fasz\u00f3 \u00e9let egyik legfontosabb r\u00e9sze. J\u00f3 p\u00e9nz\u00fcgyi szervez\u00e9s n\u00e9lk\u00fcl k\u00f6nny\u0171 elvesz\u00edteni az ir\u00e1ny\u00edt\u00e1st a bev\u00e9telek, kiad\u00e1sok \u00e9s ad\u00f3k felett.<\/p>\n\n\n\n<h3 class=\"wp-block-heading\">P\u00e9nz\u00fcgyi ellen\u0151rz\u0151 alkalmaz\u00e1sok<\/h3>\n\n\n\n<p>Ezek az alkalmaz\u00e1sok lehet\u0151v\u00e9 teszik a bev\u00e9telek \u00e9s kiad\u00e1sok nyomon k\u00f6vet\u00e9s\u00e9t, a k\u00f6lts\u00e9gek kategoriz\u00e1l\u00e1s\u00e1t, a havi nyeres\u00e9g figyel\u00e9s\u00e9t, s\u0151t jelent\u00e9sek k\u00e9sz\u00edt\u00e9s\u00e9t is. A szabad\u00fasz\u00f3k sz\u00e1m\u00e1ra ez sokkal k\u00f6nnyebb\u00e9 teszi annak meg\u00e9rt\u00e9s\u00e9t, hogy mennyit keresnek, mely szolg\u00e1ltat\u00e1sok a legj\u00f6vedelmez\u0151bbek, \u00e9s hol tudnak p\u00e9nzt megtakar\u00edtani.<\/p>\n\n\n\n<p>Ezenk\u00edv\u00fcl sz\u00e1mos p\u00e9nz\u00fcgyi alkalmaz\u00e1s seg\u00edt a tervez\u00e9sben, lehet\u0151v\u00e9 t\u00e9ve c\u00e9lok kit\u0171z\u00e9s\u00e9t \u00e9s a j\u00f6v\u0151beni bev\u00e9telek el\u0151rejelz\u00e9s\u00e9t.<\/p>\n\n\n\n<h2 class=\"wp-block-heading\">Sz\u00e1ml\u00e1k \u00e9s dokumentumok ki\u00e1ll\u00edt\u00e1s\u00e1ra vonatkoz\u00f3 k\u00e9relmek.<\/h2>\n\n\n\n<p>Szakter\u00fclet\u00fckt\u0151l \u00e9s orsz\u00e1gukt\u00f3l f\u00fcgg\u0151en a szabad\u00fasz\u00f3knak sz\u00e1ml\u00e1kat kell ki\u00e1ll\u00edtaniuk, vagy hivatalos szerz\u0151d\u00e9seket \u00e9s aj\u00e1nlatokat kell k\u00fcldeni\u00fck \u00fcgyfeleiknek. Egyes alkalmaz\u00e1sok megk\u00f6nny\u00edtik ezt a folyamatot, lehet\u0151v\u00e9 t\u00e9ve sz\u00e1mukra, hogy professzion\u00e1lis dokumentumokat k\u00e9sz\u00edtsenek k\u00f6zvetlen\u00fcl a mobiltelefonjukr\u00f3l.<\/p>\n\n\n\n<p>Ezek az alkalmaz\u00e1sok ide\u00e1lisak azok sz\u00e1m\u00e1ra, akik professzion\u00e1lisabb\u00e1 szeretn\u00e9k tenni munk\u00e1jukat, elker\u00fclni a hib\u00e1kat \u00e9s nagyobb hiteless\u00e9get biztos\u00edtani az \u00fcgyfelekkel szemben.<\/p>\n\n\n\n<h2 class=\"wp-block-heading\">Kreat\u00edv szabad\u00fasz\u00f3knak sz\u00f3l\u00f3 alkalmaz\u00e1sok<\/h2>\n\n\n\n<p>A kreat\u00edv ter\u00fcleteken, p\u00e9ld\u00e1ul design, fot\u00f3z\u00e1s, vide\u00f3z\u00e1s \u00e9s k\u00f6z\u00f6ss\u00e9gi m\u00e9dia ter\u00fclet\u00e9n dolgoz\u00f3 szabad\u00fasz\u00f3k is profit\u00e1lhatnak a speci\u00e1lis alkalmaz\u00e1sokb\u00f3l.<\/p>\n\n\n\n<h3 class=\"wp-block-heading\">Szerkeszt\u0151 \u00e9s l\u00e9trehoz\u00f3 alkalmaz\u00e1sok<\/h3>\n\n\n\n<p>Vannak olyan alkalmaz\u00e1sok, amelyek lehet\u0151v\u00e9 teszik k\u00e9pek szerkeszt\u00e9s\u00e9t, grafik\u00e1k k\u00e9sz\u00edt\u00e9s\u00e9t, vide\u00f3k m\u00f3dos\u00edt\u00e1s\u00e1t \u00e9s vizu\u00e1lis tartalmak l\u00e9trehoz\u00e1s\u00e1t k\u00f6zvetlen\u00fcl a telefonodon. Ezek az alkalmaz\u00e1sok t\u00f6k\u00e9letesek a szabad\u00fasz\u00f3k sz\u00e1m\u00e1ra, akiknek sebess\u00e9gre van sz\u00fcks\u00e9g\u00fck, vagy \u00fatk\u00f6zben kell dolgozniuk.<\/p>\n\n\n\n<p>Ezenk\u00edv\u00fcl ezek k\u00f6z\u00fcl az alkalmaz\u00e1sok k\u00f6z\u00fcl sok ingyenes verzi\u00f3t k\u00edn\u00e1l nagyszer\u0171 funkci\u00f3kkal, \u00edgy kiv\u00e1l\u00f3 v\u00e1laszt\u00e1st jelentenek a kezd\u0151k sz\u00e1m\u00e1ra.<\/p>\n\n\n\n<h2 class=\"wp-block-heading\">Hogyan v\u00e1lasszuk ki a legjobb alkalmaz\u00e1sokat szabad\u00fasz\u00f3knak?<\/h2>\n\n\n\n<p>Annyi let\u00f6lthet\u0151 lehet\u0151s\u00e9g k\u00f6z\u00fcl v\u00e1laszthatunk, hogy a megfelel\u0151 alkalmaz\u00e1s kiv\u00e1laszt\u00e1sa neh\u00e9znek t\u0171nhet. Ez\u00e9rt fontos, hogy n\u00e9h\u00e1ny szempontot figyelembe vegy\u00fcnk, miel\u0151tt let\u00f6lten\u00e9nk b\u00e1rmelyik alkalmaz\u00e1st.<\/p>\n\n\n\n<p>El\u0151sz\u00f6r is, m\u00e9rd fel a f\u0151bb sz\u00fcks\u00e9gleteidet. T\u00f6bb szervezetts\u00e9gre van sz\u00fcks\u00e9ged? Szeretn\u00e9d jav\u00edtani a kommunik\u00e1ci\u00f3dat? Jobban szeretn\u00e9d k\u00e9zben tartani a p\u00e9nz\u00fcgyeidet? Ennek alapj\u00e1n v\u00e1lassz olyan alkalmaz\u00e1sokat, amelyek val\u00f3ban illenek a rutinodba.<\/p>\n\n\n\n<p>Egy m\u00e1sik fontos szempont, hogy ellen\u0151rizd a v\u00e9lem\u00e9nyeket az alkalmaz\u00e1sboltokban, p\u00e9ld\u00e1ul a Play \u00c1ruh\u00e1zban, \u00e9s hogy az alkalmaz\u00e1s gyakran friss\u00fcl-e. Ez nagyobb biztons\u00e1got \u00e9s jobb felhaszn\u00e1l\u00f3i \u00e9lm\u00e9nyt biztos\u00edt.<\/p>\n\n\n\n<h2 class=\"wp-block-heading\">\u00c9rdemes egyszerre t\u00f6bb alkalmaz\u00e1st haszn\u00e1lni?<\/h2>\n\n\n\n<p>Igen, amennyiben j\u00f3l szervezettek. Sok szabad\u00fasz\u00f3 minden funkci\u00f3hoz m\u00e1s-m\u00e1s alkalmaz\u00e1st haszn\u00e1l, p\u00e9ld\u00e1ul egyet a feladatokhoz, egy m\u00e1sikat a p\u00e9nz\u00fcgyekhez \u00e9s egy harmadikat a kommunik\u00e1ci\u00f3hoz. A l\u00e9nyeg, hogy ne vigy\u00fck t\u00falz\u00e1sba, \u00e9s ne vessz\u00fcnk el a t\u00fal sok eszk\u00f6z k\u00f6z\u00f6tt.<\/p>\n\n\n\n<p>Ide\u00e1lis esetben teszteld le \u0151ket, csak azokat az alkalmaz\u00e1sokat tartsd meg, amelyek val\u00f3ban seg\u00edtenek a mindennapi \u00e9letben, \u00e9s t\u00e1vol\u00edtsd el azokat, amelyek nem k\u00edn\u00e1lnak egy\u00e9rtelm\u0171 el\u0151ny\u00f6ket.<\/p>\n\n\n\n<h2 class=\"wp-block-heading\">K\u00f6vetkeztet\u00e9s<\/h2>\n\n\n\n<p>Te <strong>szabad\u00fasz\u00f3knak sz\u00f3l\u00f3 alkalmaz\u00e1sok<\/strong> Nagyszer\u0171 sz\u00f6vets\u00e9gesek azok sz\u00e1m\u00e1ra, akik \u00f6n\u00e1ll\u00f3an dolgoznak \u00e9s szakmailag fejl\u0151dni szeretn\u00e9nek. A megfelel\u0151 eszk\u00f6z\u00f6kkel jobban megszervezhetik az idej\u00fcket, n\u00f6velhetik a termel\u00e9kenys\u00e9get, jav\u00edthatj\u00e1k az \u00fcgyfelekkel val\u00f3 kommunik\u00e1ci\u00f3t \u00e9s rendben tarthatj\u00e1k a p\u00e9nz\u00fcgyeiket.<\/p>\n\n\n\n<p>Ak\u00e1r kezd\u0151, ak\u00e1r tapasztalt szabad\u00fasz\u00f3 vagy, az id\u0151befektet\u00e9s a j\u00f3 alkalmaz\u00e1sok kiv\u00e1laszt\u00e1s\u00e1ba nagy k\u00fcl\u00f6nbs\u00e9get jelenthet a munkafolyamatodban. Haszn\u00e1ld ki a rendelkez\u00e9sre \u00e1ll\u00f3 lehet\u0151s\u00e9geket... <strong>alkalmaz\u00e1s let\u00f6lt\u00e9se<\/strong>csin\u00e1ld a <strong>let\u00f6lt\u00e9s<\/strong> V\u00e1laszd ki azokat, amelyek a legjobban illeszkednek a profilodhoz, \u00e9s alak\u00edtsd \u00e1t mobiltelefonodat igazi munkak\u00f6zpontt\u00e1.<\/p>","protected":false},"excerpt":{"rendered":"<p>Trabalhar como freelancer nunca foi t\u00e3o acess\u00edvel quanto nos dias de hoje. Com a populariza\u00e7\u00e3o do trabalho remoto e da economia digital, profissionais de diversas \u00e1reas passaram a oferecer seus servi\u00e7os de forma independente, conquistando mais liberdade, flexibilidade e autonomia. No entanto, junto com essas vantagens, surgem tamb\u00e9m desafios importantes, como organiza\u00e7\u00e3o de tarefas, gest\u00e3o [&hellip;]<\/p>","protected":false},"author":3,"featured_media":5105,"comment_status":"closed","ping_status":"open","sticky":false,"template":"","format":"standard","meta":{"footnotes":""},"categories":[1101],"tags":[],"class_list":{"0":"post-5104","1":"post","2":"type-post","3":"status-publish","4":"format-standard","5":"has-post-thumbnail","7":"category-negocios-e-trabalho"},"_links":{"self":[{"href":"https:\/\/nerdzilla.com.br\/hu\/wp-json\/wp\/v2\/posts\/5104","targetHints":{"allow":["GET"]}}],"collection":[{"href":"https:\/\/nerdzilla.com.br\/hu\/wp-json\/wp\/v2\/posts"}],"about":[{"href":"https:\/\/nerdzilla.com.br\/hu\/wp-json\/wp\/v2\/types\/post"}],"author":[{"embeddable":true,"href":"https:\/\/nerdzilla.com.br\/hu\/wp-json\/wp\/v2\/users\/3"}],"replies":[{"embeddable":true,"href":"https:\/\/nerdzilla.com.br\/hu\/wp-json\/wp\/v2\/comments?post=5104"}],"version-history":[{"count":1,"href":"https:\/\/nerdzilla.com.br\/hu\/wp-json\/wp\/v2\/posts\/5104\/revisions"}],"predecessor-version":[{"id":5106,"href":"https:\/\/nerdzilla.com.br\/hu\/wp-json\/wp\/v2\/posts\/5104\/revisions\/5106"}],"wp:featuredmedia":[{"embeddable":true,"href":"https:\/\/nerdzilla.com.br\/hu\/wp-json\/wp\/v2\/media\/5105"}],"wp:attachment":[{"href":"https:\/\/nerdzilla.com.br\/hu\/wp-json\/wp\/v2\/media?parent=5104"}],"wp:term":[{"taxonomy":"category","embeddable":true,"href":"https:\/\/nerdzilla.com.br\/hu\/wp-json\/wp\/v2\/categories?post=5104"},{"taxonomy":"post_tag","embeddable":true,"href":"https:\/\/nerdzilla.com.br\/hu\/wp-json\/wp\/v2\/tags?post=5104"}],"curies":[{"name":"wp","href":"https:\/\/api.w.org\/{rel}","templated":true}]}}